[{"@context":"https:\/\/schema.org\/","@type":"Article","@id":"https:\/\/www.bambibod.cz\/proc-stale-pro-holcicky-ruzova-a-pro-chlapce-modra\/#Article","mainEntityOfPage":"https:\/\/www.bambibod.cz\/proc-stale-pro-holcicky-ruzova-a-pro-chlapce-modra\/","headline":"Pro\u010d st\u00e1le pro hol\u010di\u010dky r\u016f\u017eov\u00e1 a pro chlapce modr\u00e1","name":"Pro\u010d st\u00e1le pro hol\u010di\u010dky r\u016f\u017eov\u00e1 a pro chlapce modr\u00e1","description":"Lid\u00e9 si prost\u011b zvykli obl\u00e9kat hol\u010di\u010dky do r\u016f\u017eova a chlape\u010dky do modra. D\u00edky tomuto je jasn\u00e9 rozd\u011blen\u00ed pohlav\u00ed a to hlavn\u011b v\u00a0dne\u0161n\u00ed dob\u011b, kdy maminky je\u0161t\u011b p\u0159ed porodem nakupuj\u00ed, co se d\u00e1. Pro hol\u010di\u010dky nakupuj\u00ed maminky v\u0161echny v\u011bci ve v\u0161elijak\u00fdch odst\u00ednech r\u016f\u017eov\u00e9 s\u00a0motivy princezen a stejn\u011b tak se p\u0159ipravuj\u00ed na sv\u00e9 miminko i maminky, kter\u00e9 [&hellip;]","datePublished":"2018-01-28","dateModified":"2023-05-05","author":{"@type":"Person","@id":"https:\/\/www.bambibod.cz\/author\/#Person","name":"bambibod.cz\n","url":"https:\/\/www.bambibod.cz\/author\/","identifier":1,"image":{"@type":"ImageObject","@id":"https:\/\/secure.gravatar.com\/avatar\/da76ffe9456a057fb26f92cd8eb3d2effca853864e9ae2a35290bd1e10b1f7d4?s=96&d=mm&r=g","url":"https:\/\/secure.gravatar.com\/avatar\/da76ffe9456a057fb26f92cd8eb3d2effca853864e9ae2a35290bd1e10b1f7d4?s=96&d=mm&r=g","height":96,"width":96}},"publisher":{"@type":"Organization","name":"bambibod.cz","logo":{"@type":"ImageObject","@id":"\/logo.png","url":"\/logo.png","width":600,"height":60}},"image":{"@type":"ImageObject","@id":"https:\/\/bambibod.cz\/wp-content\/uploads\/img_a335375_w2292_t1548676622.jpg","url":"https:\/\/bambibod.cz\/wp-content\/uploads\/img_a335375_w2292_t1548676622.jpg","height":"","width":""},"url":"https:\/\/www.bambibod.cz\/proc-stale-pro-holcicky-ruzova-a-pro-chlapce-modra\/","about":["Neza\u0159azen\u00e9"],"wordCount":412,"articleBody":"Lid\u00e9 si prost\u011b zvykli obl\u00e9kat hol\u010di\u010dky do r\u016f\u017eova a chlape\u010dky do modra. D\u00edky tomuto je jasn\u00e9 rozd\u011blen\u00ed pohlav\u00ed a to hlavn\u011b v\u00a0dne\u0161n\u00ed dob\u011b, kdy maminky je\u0161t\u011b p\u0159ed porodem nakupuj\u00ed, co se d\u00e1. Pro hol\u010di\u010dky nakupuj\u00ed maminky v\u0161echny v\u011bci ve v\u0161elijak\u00fdch odst\u00ednech r\u016f\u017eov\u00e9 s\u00a0motivy princezen a stejn\u011b tak se p\u0159ipravuj\u00ed na sv\u00e9 miminko i maminky, kter\u00e9 \u010dekaj\u00ed chlape\u010dka, jen s\u00a0t\u00edm rozd\u00edlem \u017ee je v\u0161e v\u00a0barv\u011b modr\u00e9 a motivy jsou superhrdinov\u00e9 nebo aut\u00ed\u010dka.&#13;Pro\u010d tomu ale tak jde a kde se tento zvyk vlastn\u011b vzal? Ve skute\u010dnosti se toti\u017e nejedn\u00e1 o n\u011bco, co by zde bylo odjak\u017eiva. Na\u0161i p\u0159edci tento typ stereotypu v\u016fbec neznali. Na za\u010d\u00e1tku bylo toti\u017e oble\u010den\u00ed pro holky i kluky pouze b\u00edl\u00e9 a to bez ohledu na to, jak\u00e9 pohlav\u00ed d\u00edt\u011b je. Barevn\u011bj\u0161\u00ed obl\u00e9k\u00e1n\u00ed se objevilo a\u017e n\u011bkdy v\u00a0polovin\u011b devaten\u00e1ct\u00e9ho stolet\u00ed. Barvy v\u00a0t\u00e9 dob\u011b nebyly pro pohlav\u00ed ust\u00e1len\u00e9.&#13;Na za\u010d\u00e1tku dvac\u00e1t\u00e9ho stolet\u00ed se ale za\u010daly d\u011blat ankety mezi rodi\u010di a \u010dasto se vyskytovala odpov\u011b\u010f, \u017ee d\u00edv\u010d\u00ed barva je r\u016f\u017eov\u00e1 a chlapeck\u00e1 sv\u011btle modr\u00e1. Od\u016fvodn\u011bn\u00ed b\u00fdvalo logick\u00e9. R\u016f\u017eov\u00e1 barva je jemn\u011bj\u0161\u00ed barvou \u010derven\u00e9, tak\u017ee se k\u00a0d\u00edvenk\u00e1m naprosto hod\u00ed. Barva modr\u00e1 byla zase spojovan\u00e1 s\u00a0blankytem, kter\u00fd se hodil sp\u00ed\u0161e ke chlapc\u016fm. V\u00fdb\u011br barev oble\u010den\u00ed se ale \u010dasto spojoval tak\u00e9 s\u00a0barvou o\u010d\u00ed nebo vlas\u016f d\u00edt\u011bte. K\u00a0dne\u0161n\u00edmu p\u0159\u00edstupu do\u0161lo v\u00a0letech \u010dty\u0159ic\u00e1t\u00fdch, minul\u00e9ho stolet\u00ed. Od t\u00e9to doby se trend neust\u00e1le dr\u017e\u00ed.&#13;Rozli\u0161ov\u00e1n\u00ed hol\u010di\u010dek a chlapc\u016f za\u010dalo hlavn\u011b tehdy, kdy se Karol\u00edna Monack\u00e1 dostala jako dcera here\u010dky a tehdej\u0161\u00ed kn\u011b\u017eny Grace Kellyov\u00e9 na str\u00e1nky \u010dasopis\u016f v\u00a0r\u016f\u017eovou\u010dk\u00e9 barv\u011b.&#13;V\u00a0dne\u0161n\u00ed dob\u011b i d\u011bti, kter\u00e9 u\u017e poberou tro\u0161ku rozumu, zvl\u00e1\u0161t\u011b hol\u010di\u010dky, kter\u00e9 u\u017e z\u00a0batolec\u00edch let vyrostly, necht\u011bj\u00ed st\u00e1le chodit v r\u016f\u017eov\u00e9 s\u00a0motivy princezen. Pr\u00e1v\u011b z\u00a0tohoto d\u016fvodu je dobr\u00e9 d\u011bti obl\u00e9kat v\u00a0barv\u00e1ch neutr\u00e1ln\u00edch a v\u00a0motivech rad\u011bji up\u0159ednost\u0148ovat zv\u00ed\u0159\u00e1tka, kter\u00fdmi jist\u011b nic nezkaz\u00edte.                                                                                                                                                                                                                                                                                                                                                                                        4.9\/5 - (10 votes)        "},{"@context":"https:\/\/schema.org\/","@type":"BreadcrumbList","itemListElement":[{"@type":"ListItem","position":1,"name":"Pro\u010d st\u00e1le pro hol\u010di\u010dky r\u016f\u017eov\u00e1 a pro chlapce modr\u00e1","item":"https:\/\/www.bambibod.cz\/proc-stale-pro-holcicky-ruzova-a-pro-chlapce-modra\/#breadcrumbitem"}]}]